{"id":233,"date":"2024-08-28T18:36:51","date_gmt":"2024-08-29T00:36:51","guid":{"rendered":"https:\/\/ipandl.sistemaspdv.com\/?p=233"},"modified":"2024-08-28T18:37:49","modified_gmt":"2024-08-29T00:37:49","slug":"pegara-a-patrones-reducir-la-jornada-en-el-pais","status":"publish","type":"post","link":"https:\/\/ipandl.com\/?p=233","title":{"rendered":"Pegar\u00e1 a patrones reducir la jornada en el pa\u00eds"},"content":{"rendered":"\n<p>La reforma plantea la reducci\u00f3n de la jornada laboral en M\u00e9xico de 48 a 40 horas a la semana<br>Ciudad de M\u00e9xico.- La propuesta de reforma para reducir la jornada laboral de los empleados del pa\u00eds generar\u00e1 una mayor carga fiscal para los patrones, se\u00f1alaron expertos.<br>Si bien la propuesta ser\u00e1 ben\u00e9fica para los trabajadores en el sentido de que disminuir\u00e1n los d\u00edas de trabajo, para los patrones implicar\u00e1 una mayor carga en materia fiscal, ya que por un lado, recurrir\u00e1n a contratar a m\u00e1s personal para no afectar su nivel de producci\u00f3n, lo que conlleva retener m\u00e1s impuestos, espec\u00edficamente el Impuesto Sobre la Renta (ISR).<br>&#8220;Traer\u00e1 retenciones adicionales, pago de cuotas patronales mayores, eso significa una mayor carga&#8221;, coment\u00f3 David Garc\u00eda, integrante de la Comisi\u00f3n T\u00e9cnica de Seguridad Social del Colegio de Contadores P\u00fablicos de M\u00e9xico (CCPM).<\/p>\n\n\n\n<p>La reforma plantea la reducci\u00f3n de la jornada laboral en M\u00e9xico de 48 a 40 horas a la semana y se estima que sea discutida por los legisladores en el pr\u00f3ximo periodo ordinario, que iniciar\u00e1 en septiembre<br>No obstante, con la retenci\u00f3n de impuestos, la carga administrativa ser\u00e1 mayor y eso finalmente tendr\u00e1 un impacto en los costos de las empresas, enfatiz\u00f3 Garc\u00eda.<\/p>\n\n\n\n<p>De enero a marzo de 2023, el Servicio de Administraci\u00f3n Tributaria (SAT) report\u00f3 51 millones 932 mil contribuyentes activos, es decir, con obligaciones fiscales, pertenecientes al r\u00e9gimen de sueldos y salarios e ingresos asimilados a salarios, seg\u00fan informaci\u00f3n del propio fisco.<\/p>\n\n\n<div class=\"wp-block-image\">\n<figure class=\"aligncenter size-full\"><a href=\"https:\/\/wa.me\/524771369994?text=Hola%20buen%20d%C3%ADa%20me%20interesa%20este%20servicio:%20*%C2%A1Prepara%20a%20tus%20hijos%20para%20heredar%20tu%20empresa!*\"><img loading=\"lazy\" decoding=\"async\" width=\"768\" height=\"149\" src=\"https:\/\/ipandl.sistemaspdv.com\/wp-content\/uploads\/2024\/08\/ipandl_preparaEntrada2-2.webp\" alt=\"\" class=\"wp-image-223\"\/><\/a><\/figure>\n<\/div>\n\n\n<p>En tanto que, seg\u00fan la Secretar\u00eda de Hacienda y Cr\u00e9dito P\u00fablico (SHCP), en el mismo periodo, se recaudaron 301 mil 567 millones de pesos por IVA provenientes de quienes forman parte de este r\u00e9gimen.<\/p>\n\n\n\n<p>Eugenio Grageda, socio de la pr\u00e1ctica fiscal de Holland &amp; Knight, coincidi\u00f3 en que esta reforma laboral tendr\u00e1 dicho impacto fiscal para los patrones.<\/p>\n\n\n\n<p>&#8220;Para mantener niveles de producci\u00f3n iguales, seguramente las empresas van a tener que contratar a m\u00e1s personal y la existencia de mayor personal va a implicar un mayor pago de impuestos sobre n\u00f3mina, de retenci\u00f3n del Impuesto Sobre la Renta.<\/p>\n\n\n\n<p>&#8220;Los costos fiscales que se absorber\u00e1n tambi\u00e9n a nivel cuotas patronales, seguridad social&#8221;, coment\u00f3.<\/p>\n\n\n\n<p>En opini\u00f3n del integrante del CCPM, esto podr\u00eda ayudar al fisco, que recibir\u00eda m\u00e1s recursos por contar con m\u00e1s empleados formales que paguen Impuesto Sobre la Renta.<\/p>\n\n\n\n<p>Sin embargo, el experto advirti\u00f3 que las empresas podr\u00edan optar por quitar algunas prestaciones adicionales a sus empleados para compensar los gastos en que incurrir\u00e1n al contratar a m\u00e1s personas.<\/p>\n\n\n\n<p>Fuente:<a href=\"https:\/\/diario.mx\/economia\/pegara-a-patrones-reducir-la-jornada-en-el-pais-20230510-2054031.html\">Pegar\u00e1 a patrones reducir la jornada en el pa\u00eds (diario.mx)<\/a><br>Azucena V\u00e1squez &#8211; Agencia Reforma &#8211; 10 de Mayo de 2023 &#8211; 07:15<\/p>\n\n\n\n<p><\/p>\n","protected":false},"excerpt":{"rendered":"<p>La reforma plantea la reducci\u00f3n de la jornada laboral en M\u00e9xico de 48 a 40 horas a la semanaCiudad de M\u00e9xico.- La propuesta de reforma para reducir la jornada laboral de los empleados del pa\u00eds generar\u00e1 una mayor carga fiscal para los patrones, se\u00f1alaron expertos.Si bien la propuesta ser\u00e1 ben\u00e9fica para los trabajadores en el&hellip; <br \/> <a class=\"read-more\" href=\"https:\/\/ipandl.com\/?p=233\">Leer m\u00e1s<\/a><\/p>\n","protected":false},"author":1,"featured_media":234,"comment_status":"open","ping_status":"open","sticky":false,"template":"","format":"standard","meta":{"footnotes":""},"categories":[4],"tags":[],"class_list":["post-233","post","type-post","status-publish","format-standard","has-post-thumbnail","hentry","category-ipandl-informacion"],"_links":{"self":[{"href":"https:\/\/ipandl.com\/index.php?rest_route=\/wp\/v2\/posts\/233","targetHints":{"allow":["GET"]}}],"collection":[{"href":"https:\/\/ipandl.com\/index.php?rest_route=\/wp\/v2\/posts"}],"about":[{"href":"https:\/\/ipandl.com\/index.php?rest_route=\/wp\/v2\/types\/post"}],"author":[{"embeddable":true,"href":"https:\/\/ipandl.com\/index.php?rest_route=\/wp\/v2\/users\/1"}],"replies":[{"embeddable":true,"href":"https:\/\/ipandl.com\/index.php?rest_route=%2Fwp%2Fv2%2Fcomments&post=233"}],"version-history":[{"count":1,"href":"https:\/\/ipandl.com\/index.php?rest_route=\/wp\/v2\/posts\/233\/revisions"}],"predecessor-version":[{"id":235,"href":"https:\/\/ipandl.com\/index.php?rest_route=\/wp\/v2\/posts\/233\/revisions\/235"}],"wp:featuredmedia":[{"embeddable":true,"href":"https:\/\/ipandl.com\/index.php?rest_route=\/wp\/v2\/media\/234"}],"wp:attachment":[{"href":"https:\/\/ipandl.com\/index.php?rest_route=%2Fwp%2Fv2%2Fmedia&parent=233"}],"wp:term":[{"taxonomy":"category","embeddable":true,"href":"https:\/\/ipandl.com\/index.php?rest_route=%2Fwp%2Fv2%2Fcategories&post=233"},{"taxonomy":"post_tag","embeddable":true,"href":"https:\/\/ipandl.com\/index.php?rest_route=%2Fwp%2Fv2%2Ftags&post=233"}],"curies":[{"name":"wp","href":"https:\/\/api.w.org\/{rel}","templated":true}]}}