{"id":212,"date":"2024-08-28T18:12:38","date_gmt":"2024-08-29T00:12:38","guid":{"rendered":"https:\/\/ipandl.sistemaspdv.com\/?p=212"},"modified":"2024-08-28T18:20:29","modified_gmt":"2024-08-29T00:20:29","slug":"ines-gomez-mont-solicita-amparo-y-le-es-negado-enfrenta-4-ordenes-de-aprehension","status":"publish","type":"post","link":"https:\/\/ipandl.com\/?p=212","title":{"rendered":"In\u00e9s G\u00f3mez Mont solicita amparo y le es negado, enfrenta 4 \u00f3rdenes de aprehensi\u00f3n"},"content":{"rendered":"\n<p>Un tribunal colegiado deneg\u00f3 el amparo debido a la falta de pruebas que lo avalen<\/p>\n\n\n<div class=\"wp-block-image\">\n<figure class=\"aligncenter size-full\"><img loading=\"lazy\" decoding=\"async\" width=\"1100\" height=\"666\" src=\"https:\/\/ipandl.sistemaspdv.com\/wp-content\/uploads\/2024\/08\/ipandl_entrada5.jpg\" alt=\"\" class=\"wp-image-213\"\/><figcaption class=\"wp-element-caption\"><sup>Un tribunal colegiado acaba de negar la solicitud de amparo de In\u00e9s G\u00f3mez Mont, en relaci\u00f3n al delito de defraudaci\u00f3n fiscal. Foto: Instagram<\/sup><\/figcaption><\/figure>\n<\/div>\n\n\n<p>Anoche, se dio a conocer la noticia de que In\u00e9s G\u00f3mez Mont solicit\u00f3 un amparo ante la orden de aprehensi\u00f3n emitida en su contra, correspondiente al delito de defraudaci\u00f3n fiscal, pues se ha dicho que la conductora eludi\u00f3 el pago de 3, 6 millones de pesos correspondientes al Impuesto Sobre la Renta (ISR) en 2017, sin embargo, dicha petici\u00f3n le fue denegada, luego de que -por unanimidad- los participantes del tribunal colegiado que revis\u00f3 su caso concluyeran que no existen pruebas que demuestren insustancialidad en la resoluci\u00f3n dictaminada en 2022; cabe recordar que se trata de una de cuatro \u00f3rdenes de aprehensi\u00f3n que han sido liberadas en contra suya.<br><br>Fue en octubre de 2021 cuando las autoridades mexicanas emitieron una ficha roja, en b\u00fasqueda de la localizaci\u00f3n de G\u00f3mez Mont y su esposo, el abogado V\u00edctor Manuel \u00c1lvarez Puga, a trav\u00e9s de la cual solicitaban la colaboraci\u00f3n de 190 naciones para que estas asistiesen a M\u00e9xico en la captura de los pr\u00f3fugos. Fue entonces que la conductora de 39 a\u00f1os se dio a la tarea de pedir una orden de amparo que la eximiera de uno de los cuatro cargos de los que est\u00e1 acusada; nos referimos al delito de defraudaci\u00f3n fiscal.<br><br>Sin embargo, el Tercer Tribunal Colegiado en Materia Penal en Ciudad de M\u00e9xico ya ha confirmado que el juez de distrito determin\u00f3 el fallo de esta petici\u00f3n, por lo que G\u00f3mez Monto no podr\u00e1 ser beneficiada con la protecci\u00f3n de la justifica federal, ya que los magistrados que participaron en dicha sesi\u00f3n, refrendaron que existi\u00f3 una omisi\u00f3n en los pagos de impuestos correspondientes a los ejercicios fiscales del 2015 y 2017; no est\u00e1 por dem\u00e1s mencionar que fue una decisi\u00f3n tomada un\u00e1nimemente.<br><br>De acuerdo con la resoluci\u00f3n emitida por el tribunal colegiado, el mandamiento de captura -como tambi\u00e9n se denomina a una orden de aprehensi\u00f3n- es acorde a lo dictado en el art\u00edculo 16 constitucional, que estipula que &#8220;nadie puede ser molestado en su persona, familia, domicilio, papeles o posesiones, sino en virtud de mandamiento escrito de la autoridad competente, que funde y motive la causa legal del procedimiento.&#8221;<\/p>\n\n\n<div class=\"wp-block-image\">\n<figure class=\"aligncenter size-full\"><img loading=\"lazy\" decoding=\"async\" width=\"768\" height=\"149\" src=\"https:\/\/ipandl.sistemaspdv.com\/wp-content\/uploads\/2024\/08\/ipandl_preparaEntrada2-1.webp\" alt=\"\" class=\"wp-image-214\"\/><\/figure>\n<\/div>\n\n\n<p>En este sentido, el magistrado Miguel \u00c1ngel Med\u00e9cigo Rodr\u00edguez -responsable de dicha resoluci\u00f3n- argument\u00f3 que no existen datos que avalen que In\u00e9s G\u00f3mez Mont adquiri\u00f3 un sueldo en calidad de asimilada y no de asalariada; para ser m\u00e1s precisos, cuando se usa el t\u00e9rmino de r\u00e9gimen de asimilados a salarios se quiere decir que se trata de una persona que presta sus servicios a una empresa de forma independiente, espor\u00e1dica o temporalmente, por lo que no recibe ning\u00fan tipo de prestaci\u00f3n de ley, as\u00ed como tampoco existe una relaci\u00f3n de subordinaci\u00f3n entre la empresa y la o el trabajador.<\/p>\n\n\n\n<p>Lo que -de acuerdo a lo justificado por Mont- explicar\u00eda el por qu\u00e9 no pag\u00f3 los impuestos tal y como se demandaba, sin embargo, el tribunal colegiado no encontr\u00f3 pruebas que comprueben lo expuesto por la conductora.\u201cHasta este momento no existe dato que permita suponer que la quejosa obtuvo ingresos no declarados como asimilados a salario. <\/p>\n\n\n\n<p>Por esa raz\u00f3n, se propone confirmar la sentencia y negar la protecci\u00f3n de la justicia constitucional solicitada con relaci\u00f3n a la orden de aprehensi\u00f3n y su ejecuci\u00f3n reclamadas\u201d, afirm\u00f3 el tercer tribunal.<\/p>\n\n\n\n<p>Ante el fallo de esta solicitud de amparo, permanecen cuatro \u00f3rdenes de aprehensi\u00f3n en contra de la presentadora de TV, obtenidas por la Fiscal\u00eda General de la Rep\u00fablica, las cuales fueron giradas de conformidad con los delitos de delincuencia organizada, defraudaci\u00f3n fiscal, operaci\u00f3n con recursos de procedencia il\u00edcita y el desv\u00edo de recursos por 2 mil 950 millones de pesos<br>Fuente:<\/p>\n\n\n\n<p><a href=\"https:\/\/www.eluniversal.com.mx\/espectaculos\/ines-gomez-mont-solicita-amparo-y-le-es-rechazado-enfrenta-4-ordenes-de-aprehension\/\">In\u00e9s G\u00f3mez Mont solicita amparo y le es negado, enfrenta 4 \u00f3rdenes de aprehensi\u00f3n (eluniversal.com.mx)<\/a><br>Mariana Lebrija Clavel &#8211; 06 Junio 2023 &#8211; 11:17 &#8211; Actualizada 11:17<\/p>\n","protected":false},"excerpt":{"rendered":"<p>Un tribunal colegiado deneg\u00f3 el amparo debido a la falta de pruebas que lo avalen Anoche, se dio a conocer la noticia de que In\u00e9s G\u00f3mez Mont solicit\u00f3 un amparo ante la orden de aprehensi\u00f3n emitida en su contra, correspondiente al delito de defraudaci\u00f3n fiscal, pues se ha dicho que la conductora eludi\u00f3 el pago&hellip; <br \/> <a class=\"read-more\" href=\"https:\/\/ipandl.com\/?p=212\">Leer m\u00e1s<\/a><\/p>\n","protected":false},"author":1,"featured_media":213,"comment_status":"open","ping_status":"open","sticky":false,"template":"","format":"standard","meta":{"footnotes":""},"categories":[4],"tags":[],"class_list":["post-212","post","type-post","status-publish","format-standard","has-post-thumbnail","hentry","category-ipandl-informacion"],"_links":{"self":[{"href":"https:\/\/ipandl.com\/index.php?rest_route=\/wp\/v2\/posts\/212","targetHints":{"allow":["GET"]}}],"collection":[{"href":"https:\/\/ipandl.com\/index.php?rest_route=\/wp\/v2\/posts"}],"about":[{"href":"https:\/\/ipandl.com\/index.php?rest_route=\/wp\/v2\/types\/post"}],"author":[{"embeddable":true,"href":"https:\/\/ipandl.com\/index.php?rest_route=\/wp\/v2\/users\/1"}],"replies":[{"embeddable":true,"href":"https:\/\/ipandl.com\/index.php?rest_route=%2Fwp%2Fv2%2Fcomments&post=212"}],"version-history":[{"count":1,"href":"https:\/\/ipandl.com\/index.php?rest_route=\/wp\/v2\/posts\/212\/revisions"}],"predecessor-version":[{"id":215,"href":"https:\/\/ipandl.com\/index.php?rest_route=\/wp\/v2\/posts\/212\/revisions\/215"}],"wp:featuredmedia":[{"embeddable":true,"href":"https:\/\/ipandl.com\/index.php?rest_route=\/wp\/v2\/media\/213"}],"wp:attachment":[{"href":"https:\/\/ipandl.com\/index.php?rest_route=%2Fwp%2Fv2%2Fmedia&parent=212"}],"wp:term":[{"taxonomy":"category","embeddable":true,"href":"https:\/\/ipandl.com\/index.php?rest_route=%2Fwp%2Fv2%2Fcategories&post=212"},{"taxonomy":"post_tag","embeddable":true,"href":"https:\/\/ipandl.com\/index.php?rest_route=%2Fwp%2Fv2%2Ftags&post=212"}],"curies":[{"name":"wp","href":"https:\/\/api.w.org\/{rel}","templated":true}]}}